{"id":8862,"date":"2018-03-15T17:44:36","date_gmt":"2018-03-15T16:44:36","guid":{"rendered":"https:\/\/www.cosplayhub.com\/it\/?p=8862"},"modified":"2018-03-15T17:44:36","modified_gmt":"2018-03-15T16:44:36","slug":"la-leggenda-thor-arriva-teatro","status":"publish","type":"post","link":"https:\/\/www.cosplayhub.com\/it\/eventi\/2018\/03\/15\/la-leggenda-thor-arriva-teatro\/","title":{"rendered":"La leggenda di Thor arriva a teatro"},"content":{"rendered":"<p><em><strong>La leggenda di Thor<\/strong><\/em> arriva a <strong>teatro<\/strong>. Per il 2019 la <strong>Ema Eventi<\/strong> ha in programma una prima assoluta per il nostro paese: sul palco, a raccontarci la sua storia in un musical in tre puntate, salir\u00e0 un supereroe\u00a0tra i\u00a0pi\u00f9 amati degli ultimi tempi.<\/p>\n<p>Abbiamo imparato a conoscerlo\u00a0nei fumetti della Marvel che dagli anni Sessanta ci raccontano le sue incredibili avventure\u00a0e seguito al cinema nei diversi film degli Avengers che lo hanno visto protagonista. Presto lo potremo vivere\u00a0anche a teatro, in una saga musicale in tre parti a narrare\u00a0la sua storia leggendaria\u00a0di\u00a0dio del tuono figlio di <strong>Odino<\/strong>, protettore di tutta l&#8217;umanit\u00e0 e difensore di <strong>Asgard<\/strong>.<\/p>\n<p>La serie inizia\u00a0con il primo episodio dal titolo\u00a0<strong><em>La Morte degli Dei<\/em><\/strong>.<br \/>\n\u00c8\u00a0la prima volta a teatro per <strong>Thor<\/strong> e per tutti i personaggi legati alla sua incredibile storia. Dal padre, Odino, a <strong>Loki<\/strong>, il fratello, passando per le Valchirie, Idhunn, dea dell&#8217;eterna giovinezza, e tutti i cattivi contro i quali il dio del tuono si trover\u00e0 ogni giorno a combattere.<\/p>\n<h2>La leggenda di Thor a teatro: il\u00a0primo episodio<\/h2>\n<p><strong><em>La Morte degli Dei, <\/em><\/strong>prima puntata delle tre che compongono l&#8217;opera musicale,\u00a0vedr\u00e0 Thor chiamato a proteggere Asgard e le persone a lui pi\u00f9 care dalla Terra del Fuoco\u00a0(il regno dei giganti), e da Helheim\u00a0(il regno dei morti).<\/p>\n<p><strong>La trama.<\/strong> Odino si trova ad affrontare una situazione delicata per il regno degli dei, dopo il rapimento di Idhunn, la dea dell&#8217;eterna giovinezza:\u00a0in pericolo c&#8217;\u00e8 l&#8217;immortalit\u00e0 degli dei e il cosmo intero. Cos\u00ec il re decide di radunare tutti i guerrieri per proteggere Asgard e riportare l&#8217;ordine nel loro regno.<br \/>\nThor riuscir\u00e0 a ritrovare la dea dell&#8217;eterna giovinezza per ridare l&#8217;immortalit\u00e0 agli altri dei? Riuscir\u00e0 a sconfiggere Hel e l&#8217;avanzata del regno dei morti? Il dio del tuono sar\u00e0 in grado di riportare l&#8217;equilibrio nel mondo degli dei e in quello dell&#8217;intero cosmo?\u00a0Un compito sicuramente molto importante e delicato, per il quale dovr\u00e0 lottare duramente per contrastare le\u00a0forze del male.<\/p>\n<div id=\"attachment_8866\" style=\"width: 727px\" class=\"wp-caption alignnone\"><a href=\"https:\/\/www.cosplayhub.com\/wp-content\/uploads\/2018\/03\/1_locandina.jpg\"><img decoding=\"async\" loading=\"lazy\" aria-describedby=\"caption-attachment-8866\" class=\"wp-image-8866 size-large\" src=\"https:\/\/www.cosplayhub.com\/wp-content\/uploads\/2018\/03\/1_locandina-717x1024.jpg\" alt=\"Locandina de La leggenda di Thor\" width=\"717\" height=\"1024\" srcset=\"https:\/\/www.cosplayhub.com\/wp-content\/uploads\/2018\/03\/1_locandina-717x1024.jpg 717w, https:\/\/www.cosplayhub.com\/wp-content\/uploads\/2018\/03\/1_locandina-627x896.jpg 627w, https:\/\/www.cosplayhub.com\/wp-content\/uploads\/2018\/03\/1_locandina-210x300.jpg 210w, https:\/\/www.cosplayhub.com\/wp-content\/uploads\/2018\/03\/1_locandina-768x1097.jpg 768w, https:\/\/www.cosplayhub.com\/wp-content\/uploads\/2018\/03\/1_locandina-1080x1543.jpg 1080w, https:\/\/www.cosplayhub.com\/wp-content\/uploads\/2018\/03\/1_locandina.jpg 1772w\" sizes=\"(max-width: 717px) 100vw, 717px\" \/><\/a><p id=\"caption-attachment-8866\" class=\"wp-caption-text\">Locandina de La leggenda di Thor<\/p><\/div>\n<h2>Il musical &#8220;La leggenda di Thor&#8221;<\/h2>\n<p>Il musical dedicato a Thor\u00a0ci racconter\u00e0 la sua doppia anima: da un lato un dio con superpoteri pronto a sconfiggere le forze del male, dall&#8217;altro il suo aspetto pi\u00f9 umano. Lo spettacolo\u00a0sar\u00e0 portato in scena attraverso l&#8217;utilizzo di grandi tecnologie, come il <strong>3D<\/strong> e un impianto <strong>ledwall modulare<\/strong>, che potr\u00e0 arrivare a ricoprire l&#8217;intero palco, per rendere la rappresentazione ancora pi\u00f9 coinvolgente per gli spettatori. Non mancheranno, ovviamente, tantissimi effetti speciali e illustrazioni realizzate dai pi\u00f9 grandi artisti italiani e internazionali.<\/p>\n<p>Lo spettacolo arriver\u00e0 a teatro da <strong>febbraio 2019\u00a0<\/strong>e sar\u00e0 aperto a tutti, anche ai bambini.<\/p>\n<hr \/>\n<h2>Intervista a Edoardo Lombardi, di Ema<\/h2>\n<p><em>Abbiamo chiesto a Edoardo Lombardi, responsabile di <a href=\"https:\/\/www.emaeventi.it\/\" target=\"_blank\" rel=\"noopener noreferrer\"><strong>Ema Eventi<\/strong><\/a>, qualche dettaglio in pi\u00f9 riguardo il musical dedicato a Thor.<\/em><\/p>\n<p><strong><em>La leggenda di Thor<\/em>:\u00a0perch\u00e9 \u00e8 stato scelto proprio il Dio del Tuono per questo importante progetto?<\/strong><br \/>\nThor \u00e8 una figura estremamente atipica:\u00a0a differenza dei tanti eroi e supereroi oggetto di fumetti e film, forse \u00e8 l\u2019unico che nasce dalla mitologia e si impone nel tempo moderno\u00a0e\u00a0questo fa s\u00ec che la figura riesca ad acquisire un grandissimo fascino. Thor infatti rappresenta il dio e contemporaneamente l\u2019uomo che possiede l\u2019arma divina, la virt\u00f9, la visione del principio cosmico e per questo \u00e8 il protettore dell\u2019umanit\u00e0.<\/p>\n<p><strong>Per quello che riguarda la storia e la rappresentazione, quali sono le caratteristiche principali dello spettacolo?<\/strong><br \/>\n<em>Thor &#8211; La Morte degli Dei<\/em>\u00a0rappresenta il primo episodio di una trilogia che sar\u00e0 messa in scena nei prossimi 5 anni. Un progetto ambizioso ed affascinante che, contestualmente al musical, vede <strong>l\u2019uscita di una nuovissima Graphic Novel<\/strong>, la cui scrittrice \u00e8 la giovanissima e brava <strong>Ilaria Licenziato<\/strong>, e di un cd sia in lingua italiana che in lingua inglese, che vede come autore delle musiche il grande maestro <strong>Emiliano Branda<\/strong> e la realizzazione dei testi di <strong>Domenico Prezioso<\/strong> e <strong>Daniele Venturini<\/strong>.<\/p>\n<p>In questo primo episodio rivivremo i personaggi calati in un\u2019ambientazione pi\u00f9 vicina alla mitologia norrena e al mito della cosmologia dei nove mondi. Negli episodi successivi la sceneggiatura prender\u00e0 un\u2019influenza moderna e vedremo i personaggi avvicinarsi ai nostri giorni, coinvolgendo anche la Terra, con la partecipazione di nuovi comprimari.<\/p>\n<p><strong>Cosa ci pu\u00f2 raccontare delle scenografie e delle tecnologie utilizzate?<\/strong><br \/>\nLo spettacolo sar\u00e0 ricco di colori, utilizzeremo scenografie virtuali con l\u2019ausilio di diversi proiettori, ledwall, giochi di trasparenze, effetti speciali e tante altre idee che stiamo programmando con il Team Creativo.<\/p>\n<p><strong>Costumi e personaggi saranno fedeli di pi\u00f9 al fumetto o al film? O a magari a entrambi?<\/strong><br \/>\nCi sar\u00e0 sicuramente un\u2019ispirazione su entrambi, ma cercheremo <em>in primis<\/em> di realizzare una <em>line<\/em> creativa originale, qualcosa che possa diventare anche un nuovo punto di riferimento visivo.\u00a0<strong>Da qui l\u2019idea di aprire il contest per la realizzazione dei costumi dei personaggi principali<\/strong>, affidando il tutto alla grande creativit\u00e0 dei cosplayer.<\/p>\n<p><strong>Quali sono i punti di forza dello spettacolo, che lasceranno senza fiato gli spettatori?<\/strong><br \/>\nSar\u00e0 prima di tutto uno spettacolo con dei contenuti creativo-artistici veri e propri, con una colonna sonora originale che dar\u00e0 vita a circa 20 brani inediti, cantati live da grandi professionisti; in pi\u00f9 lo spettacolo sar\u00e0 volutamente dinamico, veloce, ricco di sorprese che lasceranno gli spettatori con il fiato sospeso. La promessa sar\u00e0 quella di non far addormentare nessuno!<\/p>\n<p><strong>Uno spettacolo per grandi e piccini: un modo per avvicinare al teatro anche i pi\u00f9 piccoli con una storia che sicuramente ameranno?<\/strong><br \/>\nLo spettacolo ha come target tutti, dai pi\u00f9 piccini che adorano le avventure dei supereroi, agli amanti dei fumetti e del genere cinematografico, agli stessi cosplayer che per la prima volta si vedranno coinvolti in un grande progetto musicale. Uno spettacolo che cavalca l\u2019onda di interesse che negli ultimi anni accompagna la figura del supereroe&#8230; C\u2019\u00e8 bisogno, nell\u2019immaginario collettivo, di figure positive che grazie alle loro doti salvano \u201cdal male\u201d non solo con la forza fisica, ma anche con una personalit\u00e0 e una morale ben definita.<\/p>\n<p><strong>In quali teatri sar\u00e0 possibile assistere allo spettacolo? Si sa gi\u00e0 qualcosa?<\/strong><br \/>\nLa tourn\u00e9e partir\u00e0 dalla\u00a0Svizzera\u00a0\u2013a Lugano\u2013\u00a0il 2 marzo 2019, proseguendo\u00a0poi per il resto dell&#8217;anno nelle principali citt\u00e0 italiane.\u00a0Quindi,\u00a0dopo una breve pausa che vedr\u00e0 lo show in giro per l\u2019Europa, far\u00e0 ritorno in Italia a fine 2020.<\/p>\n","protected":false},"excerpt":{"rendered":"<p>Nel 2019 La leggenda di Thor arriva a teatro, con una serie di rappresentazioni che ci racconteranno la nascita e le avventure del Dio del Tuono.<\/p>\n","protected":false},"author":1127,"featured_media":8863,"comment_status":"open","ping_status":"open","sticky":false,"template":"","format":"standard","meta":{"_bbp_topic_count":0,"_bbp_reply_count":0,"_bbp_total_topic_count":0,"_bbp_total_reply_count":0,"_bbp_voice_count":0,"_bbp_anonymous_reply_count":0,"_bbp_topic_count_hidden":0,"_bbp_reply_count_hidden":0,"_bbp_forum_subforum_count":0,"_et_pb_use_builder":"","_et_pb_old_content":"","_et_gb_content_width":""},"categories":[5],"tags":[1319,1101,19,130,628,1325,1317,1324,1321,1322,1327,98,1192,1320,1326,1323,1318,106,1328,1329],"yoast_head":"<!-- This site is optimized with the Yoast SEO plugin v19.14 - https:\/\/yoast.com\/wordpress\/plugins\/seo\/ -->\n<title>La leggenda di Thor, la prima volta del supereroe a teatro<\/title>\n<meta name=\"description\" content=\"Nel 2019 La leggenda di Thor arriva a teatro, con una serie di rappresentazioni che ci racconteranno la nascita e le avventure del dio del tuono.\" \/>\n<meta name=\"robots\" content=\"index, follow, max-snippet:-1, max-image-preview:large, max-video-preview:-1\" \/>\n<link rel=\"canonical\" href=\"https:\/\/www.cosplayhub.com\/it\/eventi\/2018\/03\/15\/la-leggenda-thor-arriva-teatro\/\" \/>\n<meta property=\"og:locale\" content=\"it_IT\" \/>\n<meta property=\"og:type\" content=\"article\" \/>\n<meta property=\"og:title\" content=\"La leggenda di Thor, la prima volta del supereroe a teatro\" \/>\n<meta property=\"og:description\" content=\"Nel 2019 La leggenda di Thor arriva a teatro, con una serie di rappresentazioni che ci racconteranno la nascita e le avventure del dio del tuono.\" \/>\n<meta property=\"og:url\" content=\"https:\/\/www.cosplayhub.com\/it\/eventi\/2018\/03\/15\/la-leggenda-thor-arriva-teatro\/\" \/>\n<meta property=\"og:site_name\" content=\"Cosplay Hub\" \/>\n<meta property=\"article:published_time\" content=\"2018-03-15T16:44:36+00:00\" \/>\n<meta property=\"og:image\" content=\"https:\/\/www.cosplayhub.com\/wp-content\/uploads\/2018\/03\/thor-layers_black-scaled.jpg\" \/>\n\t<meta property=\"og:image:width\" content=\"2560\" \/>\n\t<meta property=\"og:image:height\" content=\"1478\" \/>\n\t<meta property=\"og:image:type\" content=\"image\/jpeg\" \/>\n<meta name=\"author\" content=\"Patrizia Chimera\" \/>\n<meta name=\"twitter:card\" content=\"summary_large_image\" \/>\n<meta name=\"twitter:label1\" content=\"Scritto da\" \/>\n\t<meta name=\"twitter:data1\" content=\"Patrizia Chimera\" \/>\n\t<meta name=\"twitter:label2\" content=\"Tempo di lettura stimato\" \/>\n\t<meta name=\"twitter:data2\" content=\"5 minuti\" \/>\n<script type=\"application\/ld+json\" class=\"yoast-schema-graph\">{\"@context\":\"https:\/\/schema.org\",\"@graph\":[{\"@type\":\"WebPage\",\"@id\":\"https:\/\/www.cosplayhub.com\/it\/eventi\/2018\/03\/15\/la-leggenda-thor-arriva-teatro\/\",\"url\":\"https:\/\/www.cosplayhub.com\/it\/eventi\/2018\/03\/15\/la-leggenda-thor-arriva-teatro\/\",\"name\":\"La leggenda di Thor, la prima volta del supereroe a teatro\",\"isPartOf\":{\"@id\":\"https:\/\/www.cosplayhub.com\/it\/#website\"},\"datePublished\":\"2018-03-15T16:44:36+00:00\",\"dateModified\":\"2018-03-15T16:44:36+00:00\",\"author\":{\"@id\":\"https:\/\/www.cosplayhub.com\/it\/#\/schema\/person\/8cca3498032d4706aa080b01edb0e700\"},\"description\":\"Nel 2019 La leggenda di Thor arriva a teatro, con una serie di rappresentazioni che ci racconteranno la nascita e le avventure del dio del tuono.\",\"breadcrumb\":{\"@id\":\"https:\/\/www.cosplayhub.com\/it\/eventi\/2018\/03\/15\/la-leggenda-thor-arriva-teatro\/#breadcrumb\"},\"inLanguage\":\"it-IT\",\"potentialAction\":[{\"@type\":\"ReadAction\",\"target\":[\"https:\/\/www.cosplayhub.com\/it\/eventi\/2018\/03\/15\/la-leggenda-thor-arriva-teatro\/\"]}]},{\"@type\":\"BreadcrumbList\",\"@id\":\"https:\/\/www.cosplayhub.com\/it\/eventi\/2018\/03\/15\/la-leggenda-thor-arriva-teatro\/#breadcrumb\",\"itemListElement\":[{\"@type\":\"ListItem\",\"position\":1,\"name\":\"Home\",\"item\":\"https:\/\/www.cosplayhub.com\/it\/\"},{\"@type\":\"ListItem\",\"position\":2,\"name\":\"La leggenda di Thor arriva a teatro\"}]},{\"@type\":\"WebSite\",\"@id\":\"https:\/\/www.cosplayhub.com\/it\/#website\",\"url\":\"https:\/\/www.cosplayhub.com\/it\/\",\"name\":\"Cosplay Hub\",\"description\":\"where cosplayers meet\",\"potentialAction\":[{\"@type\":\"SearchAction\",\"target\":{\"@type\":\"EntryPoint\",\"urlTemplate\":\"https:\/\/www.cosplayhub.com\/it\/?s={search_term_string}\"},\"query-input\":\"required name=search_term_string\"}],\"inLanguage\":\"it-IT\"},{\"@type\":\"Person\",\"@id\":\"https:\/\/www.cosplayhub.com\/it\/#\/schema\/person\/8cca3498032d4706aa080b01edb0e700\",\"name\":\"Patrizia Chimera\",\"image\":{\"@type\":\"ImageObject\",\"inLanguage\":\"it-IT\",\"@id\":\"https:\/\/www.cosplayhub.com\/it\/#\/schema\/person\/image\/\",\"url\":\"\/\/www.gravatar.com\/avatar\/b52d59f7e746fcb655a428c4afdde509?s=96&#038;r=g&#038;d=mm\",\"contentUrl\":\"\/\/www.gravatar.com\/avatar\/b52d59f7e746fcb655a428c4afdde509?s=96&#038;r=g&#038;d=mm\",\"caption\":\"Patrizia Chimera\"},\"url\":\"https:\/\/www.cosplayhub.com\/it\/author\/patrizia\/\"}]}<\/script>\n<!-- \/ Yoast SEO plugin. -->","yoast_head_json":{"title":"La leggenda di Thor, la prima volta del supereroe a teatro","description":"Nel 2019 La leggenda di Thor arriva a teatro, con una serie di rappresentazioni che ci racconteranno la nascita e le avventure del dio del tuono.","robots":{"index":"index","follow":"follow","max-snippet":"max-snippet:-1","max-image-preview":"max-image-preview:large","max-video-preview":"max-video-preview:-1"},"canonical":"https:\/\/www.cosplayhub.com\/it\/eventi\/2018\/03\/15\/la-leggenda-thor-arriva-teatro\/","og_locale":"it_IT","og_type":"article","og_title":"La leggenda di Thor, la prima volta del supereroe a teatro","og_description":"Nel 2019 La leggenda di Thor arriva a teatro, con una serie di rappresentazioni che ci racconteranno la nascita e le avventure del dio del tuono.","og_url":"https:\/\/www.cosplayhub.com\/it\/eventi\/2018\/03\/15\/la-leggenda-thor-arriva-teatro\/","og_site_name":"Cosplay Hub","article_published_time":"2018-03-15T16:44:36+00:00","og_image":[{"width":2560,"height":1478,"url":"https:\/\/www.cosplayhub.com\/wp-content\/uploads\/2018\/03\/thor-layers_black-scaled.jpg","type":"image\/jpeg"}],"author":"Patrizia Chimera","twitter_card":"summary_large_image","twitter_misc":{"Scritto da":"Patrizia Chimera","Tempo di lettura stimato":"5 minuti"},"schema":{"@context":"https:\/\/schema.org","@graph":[{"@type":"WebPage","@id":"https:\/\/www.cosplayhub.com\/it\/eventi\/2018\/03\/15\/la-leggenda-thor-arriva-teatro\/","url":"https:\/\/www.cosplayhub.com\/it\/eventi\/2018\/03\/15\/la-leggenda-thor-arriva-teatro\/","name":"La leggenda di Thor, la prima volta del supereroe a teatro","isPartOf":{"@id":"https:\/\/www.cosplayhub.com\/it\/#website"},"datePublished":"2018-03-15T16:44:36+00:00","dateModified":"2018-03-15T16:44:36+00:00","author":{"@id":"https:\/\/www.cosplayhub.com\/it\/#\/schema\/person\/8cca3498032d4706aa080b01edb0e700"},"description":"Nel 2019 La leggenda di Thor arriva a teatro, con una serie di rappresentazioni che ci racconteranno la nascita e le avventure del dio del tuono.","breadcrumb":{"@id":"https:\/\/www.cosplayhub.com\/it\/eventi\/2018\/03\/15\/la-leggenda-thor-arriva-teatro\/#breadcrumb"},"inLanguage":"it-IT","potentialAction":[{"@type":"ReadAction","target":["https:\/\/www.cosplayhub.com\/it\/eventi\/2018\/03\/15\/la-leggenda-thor-arriva-teatro\/"]}]},{"@type":"BreadcrumbList","@id":"https:\/\/www.cosplayhub.com\/it\/eventi\/2018\/03\/15\/la-leggenda-thor-arriva-teatro\/#breadcrumb","itemListElement":[{"@type":"ListItem","position":1,"name":"Home","item":"https:\/\/www.cosplayhub.com\/it\/"},{"@type":"ListItem","position":2,"name":"La leggenda di Thor arriva a teatro"}]},{"@type":"WebSite","@id":"https:\/\/www.cosplayhub.com\/it\/#website","url":"https:\/\/www.cosplayhub.com\/it\/","name":"Cosplay Hub","description":"where cosplayers meet","potentialAction":[{"@type":"SearchAction","target":{"@type":"EntryPoint","urlTemplate":"https:\/\/www.cosplayhub.com\/it\/?s={search_term_string}"},"query-input":"required name=search_term_string"}],"inLanguage":"it-IT"},{"@type":"Person","@id":"https:\/\/www.cosplayhub.com\/it\/#\/schema\/person\/8cca3498032d4706aa080b01edb0e700","name":"Patrizia Chimera","image":{"@type":"ImageObject","inLanguage":"it-IT","@id":"https:\/\/www.cosplayhub.com\/it\/#\/schema\/person\/image\/","url":"\/\/www.gravatar.com\/avatar\/b52d59f7e746fcb655a428c4afdde509?s=96&#038;r=g&#038;d=mm","contentUrl":"\/\/www.gravatar.com\/avatar\/b52d59f7e746fcb655a428c4afdde509?s=96&#038;r=g&#038;d=mm","caption":"Patrizia Chimera"},"url":"https:\/\/www.cosplayhub.com\/it\/author\/patrizia\/"}]}},"_links":{"self":[{"href":"https:\/\/www.cosplayhub.com\/it\/wp-json\/wp\/v2\/posts\/8862"}],"collection":[{"href":"https:\/\/www.cosplayhub.com\/it\/wp-json\/wp\/v2\/posts"}],"about":[{"href":"https:\/\/www.cosplayhub.com\/it\/wp-json\/wp\/v2\/types\/post"}],"author":[{"embeddable":true,"href":"https:\/\/www.cosplayhub.com\/it\/wp-json\/wp\/v2\/users\/1127"}],"replies":[{"embeddable":true,"href":"https:\/\/www.cosplayhub.com\/it\/wp-json\/wp\/v2\/comments?post=8862"}],"version-history":[{"count":0,"href":"https:\/\/www.cosplayhub.com\/it\/wp-json\/wp\/v2\/posts\/8862\/revisions"}],"wp:featuredmedia":[{"embeddable":true,"href":"https:\/\/www.cosplayhub.com\/it\/wp-json\/wp\/v2\/media\/8863"}],"wp:attachment":[{"href":"https:\/\/www.cosplayhub.com\/it\/wp-json\/wp\/v2\/media?parent=8862"}],"wp:term":[{"taxonomy":"category","embeddable":true,"href":"https:\/\/www.cosplayhub.com\/it\/wp-json\/wp\/v2\/categories?post=8862"},{"taxonomy":"post_tag","embeddable":true,"href":"https:\/\/www.cosplayhub.com\/it\/wp-json\/wp\/v2\/tags?post=8862"}],"curies":[{"name":"wp","href":"https:\/\/api.w.org\/{rel}","templated":true}]}}